{"id":3452,"date":"2020-03-27T10:58:52","date_gmt":"2020-03-27T10:58:52","guid":{"rendered":"https:\/\/leggiteam.com\/uncategorized\/estado-alarma\/"},"modified":"2022-06-21T11:37:35","modified_gmt":"2022-06-21T10:37:35","slug":"estado-alarma","status":"publish","type":"post","link":"https:\/\/leggiteam.com\/en\/estado-alarma\/","title":{"rendered":"Espa\u00f1a: Medidas relativas al derecho de sociedades adoptadas en el Estado de Alarma."},"content":{"rendered":"<p><span style=\"font-size: 12pt; font-family: georgia, palatino, serif;\"><span style=\"vertical-align: inherit;\"><span style=\"vertical-align: inherit;\"><span style=\"vertical-align: inherit;\"><span style=\"vertical-align: inherit;\">El Real Decreto-ley 8\/2020, de 17 de marzo, de medidas urgentes extraordinarias para hacer frente al impacto econ\u00f3mico y social de COVID-19, ha adoptado una serie de medidas relacionadas con la gama de empresas, todas las cuales deben presentarse all\u00ed. limitaci\u00f3n de los movimientos generados por la pandemia, as\u00ed como por la par\u00e1lisis en la econom\u00eda generada por la declaraci\u00f3n del estado de alarma. <\/span><\/span><\/span><span style=\"vertical-align: inherit;\"><span style=\"vertical-align: inherit;\"><span style=\"vertical-align: inherit;\">A continuaci\u00f3n, mostramos las medidas m\u00e1s importantes en ese momento:<\/span><\/span><\/span><\/span><\/span><\/p>\n<h2><span style=\"font-size: 14pt; font-family: georgia, palatino, serif;\"><strong><span style=\"vertical-align: inherit;\"><span style=\"vertical-align: inherit;\"><span style=\"vertical-align: inherit;\"><span style=\"vertical-align: inherit;\">1. FLEXIBILIZACI\u00d3N DE LA CELEBRACI\u00d3N DE JUNTAS Y CONSEJOS.<\/span><\/span><\/span><\/span><\/strong><\/span><\/h2>\n<p><span style=\"vertical-align: inherit; font-family: georgia, palatino, serif;\"><span style=\"vertical-align: inherit;\"><span style=\"vertical-align: inherit;\"><span style=\"vertical-align: inherit;\">Tampoco hay una disposici\u00f3n en los estatutos, durante el per\u00edodo de alama se permitir\u00e1:<\/span><\/span><\/span><\/span><\/p>\n<ul>\n<li><span style=\"font-family: georgia, palatino, serif;\"><span style=\"vertical-align: inherit;\"><span style=\"vertical-align: inherit;\"><span style=\"vertical-align: inherit;\"><span style=\"vertical-align: inherit;\">Celebrar <\/span><\/span><\/span><\/span><strong><span style=\"vertical-align: inherit;\"><span style=\"vertical-align: inherit;\"><span style=\"vertical-align: inherit;\"><span style=\"vertical-align: inherit;\">reuniones<\/span><\/span><\/span><\/span><\/strong><span style=\"vertical-align: inherit;\"><span style=\"vertical-align: inherit;\"><span style=\"vertical-align: inherit;\"><span style=\"vertical-align: inherit;\"> de la Junta Directiva y Juntas Generales por <\/span><\/span><\/span><\/span><strong><span style=\"vertical-align: inherit;\"><span style=\"vertical-align: inherit;\"><span style=\"vertical-align: inherit;\"><span style=\"vertical-align: inherit;\">medios telem\u00e1ticos<\/span><\/span><\/span><\/span><\/strong><span style=\"vertical-align: inherit;\"><span style=\"vertical-align: inherit;\"><span style=\"vertical-align: inherit;\"><span style=\"vertical-align: inherit;\"> .<\/span><\/span><\/span><\/span><\/span><\/li>\n<li><span style=\"font-family: georgia, palatino, serif;\"><span style=\"vertical-align: inherit;\"><span style=\"vertical-align: inherit;\"><span style=\"vertical-align: inherit;\"><span style=\"vertical-align: inherit;\">Adoptarla <\/span><\/span><\/span><\/span><strong><span style=\"vertical-align: inherit;\"><span style=\"vertical-align: inherit;\"><span style=\"vertical-align: inherit;\"><span style=\"vertical-align: inherit;\">Consejo<\/span><\/span><\/span><\/span><\/strong><span style=\"vertical-align: inherit;\"><span style=\"vertical-align: inherit;\"><span style=\"vertical-align: inherit;\"><span style=\"vertical-align: inherit;\"> de Administraci\u00f3n y Las <\/span><\/span><\/span><strong><span style=\"vertical-align: inherit;\"><span style=\"vertical-align: inherit;\"><span style=\"vertical-align: inherit;\">Juntas<\/span><\/span><\/span><\/strong><span style=\"vertical-align: inherit;\"><span style=\"vertical-align: inherit;\"><span style=\"vertical-align: inherit;\"> Generales <\/span><\/span><\/span><\/span><strong><span style=\"vertical-align: inherit;\"><span style=\"vertical-align: inherit;\"><span style=\"vertical-align: inherit;\"><span style=\"vertical-align: inherit;\">escrita Sesi\u00f3n y el pecado.<\/span><\/span><\/span><\/span><\/strong><\/span><\/li>\n<\/ul>\n<h2><span style=\"font-size: 14pt; font-family: georgia, palatino, serif;\"><strong><span style=\"vertical-align: inherit;\"><span style=\"vertical-align: inherit;\"><span style=\"vertical-align: inherit;\"><span style=\"vertical-align: inherit;\">2. PLAZOS PARA FORMULACI\u00d3N Y APROBACI\u00d3N DE CUENTAS.<\/span><\/span><\/span><\/span><\/strong><\/span><\/h2>\n<p><span style=\"font-family: georgia, palatino, serif;\">En t\u00e9rminos generales se prorrogan durante tres meses desde la finalizaci\u00f3n del estado de alarma.<\/span><\/p>\n<ul>\n<li><span style=\"font-family: georgia, palatino, serif;\">El plazo para formular las cuentas anuales (3 meses desde el cierre del ejercicio) se suspende hasta que finalice el estado de alarma, reanud\u00e1ndose de nuevo<strong> por otros tres meses a contar desde esa fecha<\/strong>.<\/span><\/li>\n<li><span style=\"font-family: georgia, palatino, serif;\">Si ya estuviesen formuladas y la sociedad tuviese obligaci\u00f3n de auditar sus cuentas, el plazo para su auditor\u00eda se prorrogar\u00e1 dos meses desde la finalizaci\u00f3n del estado de alarma.<\/span><\/li>\n<li><span style=\"font-family: georgia, palatino, serif;\">El plazo para aprobar por la junta general las cuentas del ejercicio anterior ser\u00e1 de seis meses desde la finalizaci\u00f3n del estado de alarma. (3 meses siguientes al plazo para su formulaci\u00f3n)<\/span><\/li>\n<li><span style=\"font-family: georgia, palatino, serif;\">En caso de estar ya publicada la convocatoria, podr\u00e1 el \u00f3rgano de administraci\u00f3n cambiar el lugar y la hora, o bien revocar dicha convocatoria con antelaci\u00f3n de 48 horas, convoc\u00e1ndose en ese caso dentro del mes siguiente a la finalizaci\u00f3n del estado de alarma.<\/span><\/li>\n<\/ul>\n<h2><span style=\"font-size: 14pt; font-family: georgia, palatino, serif;\"><strong><span style=\"vertical-align: inherit;\"><span style=\"vertical-align: inherit;\">3. PLAZOS PARA LA DECLARACI\u00d3N DE CONCURSO\u00a0 O SOLICITUD DE DISOLUCI\u00d3N.<\/span><\/span><\/strong><\/span><\/h2>\n<p><span style=\"font-family: georgia, palatino, serif;\">Los plazos dentro de los cuales deben los administradores convocar la junta general a los efectos de solicitar el concurso de acreedores (falta de liquidez) o la disoluci\u00f3n de la empresa (causa legal de disoluci\u00f3n) se prorroga.<\/span><\/p>\n<ul>\n<li><span style=\"font-family: georgia, palatino, serif;\"><strong>Se suspende el plazo<\/strong> para convocar la junta de la sociedad para disolver o solucionar los problemas de la empresa en causa de disoluci\u00f3n durante la vigencia del estado de alarma.<\/span><\/li>\n<li><span style=\"font-family: georgia, palatino, serif;\"><strong>Si la causa legal o estatutaria de disoluci\u00f3n hubiera acaecido durante la vigencia del estado de alarma, los administradores no responder\u00e1n de las deudas sociales contra\u00eddas en ese periodo.<\/strong><\/span><\/li>\n<li><span style=\"font-family: georgia, palatino, serif;\">Las sociedades en estado de insolvencia no tendr\u00e1n el deber de solicitar la declaraci\u00f3n de concurso durante el estado de alarma, ni se podr\u00e1 presentar solicitud de concurso por parte de los acreedores durante los dos meses siguientes.<\/span><\/li>\n<li><span style=\"font-family: georgia, palatino, serif;\">Las sociedades que est\u00e9n en situaci\u00f3n de \u201cpreconcurso\u201d no tendr\u00e1n obligaci\u00f3n de presentar el concurso de acreedores durante la vigencia del estado de alarma aun cuando haya finalizado el plazo legalmente establecido para ello.<\/span><\/li>\n<\/ul>\n<p><span style=\"font-family: georgia, palatino, serif;\">Como se se\u00f1alaba al principio, es s\u00f3lo un resumen de las medidas adoptadas sin \u00e1nimo exhaustivo, por lo que si tiene alguna duda con respecto a las mismas no dude en ponerse en contacto con nosotros. Estaremos encantados de aclarar o ampliar todas aquellas informaciones que sean necesarias.<\/span><\/p>\n","protected":false},"excerpt":{"rendered":"<p>El Real Decreto-ley 8\/2020, de 17 de marzo, de medidas urgentes extraordinarias para hacer frente al impacto econ\u00f3mico y social de COVID-19, ha adoptado una serie de medidas relacionadas con la gama de empresas, todas las cuales deben presentarse all\u00ed. limitaci\u00f3n de los movimientos generados por la pandemia, as\u00ed como por la par\u00e1lisis en la econom\u00eda generada por la declaraci\u00f3n [&hellip;]<\/p>\n","protected":false},"author":5,"featured_media":3374,"comment_status":"closed","ping_status":"open","sticky":false,"template":"","format":"standard","meta":{"footnotes":""},"categories":[83],"tags":[78,84,85],"class_list":["post-3452","post","type-post","status-publish","format-standard","has-post-thumbnail","hentry","category-sociedades-en","tag-coronavirus-en","tag-estado-de-alarma-en","tag-sociedades-en"],"aioseo_notices":[],"_links":{"self":[{"href":"https:\/\/leggiteam.com\/en\/wp-json\/wp\/v2\/posts\/3452","targetHints":{"allow":["GET"]}}],"collection":[{"href":"https:\/\/leggiteam.com\/en\/wp-json\/wp\/v2\/posts"}],"about":[{"href":"https:\/\/leggiteam.com\/en\/wp-json\/wp\/v2\/types\/post"}],"author":[{"embeddable":true,"href":"https:\/\/leggiteam.com\/en\/wp-json\/wp\/v2\/users\/5"}],"replies":[{"embeddable":true,"href":"https:\/\/leggiteam.com\/en\/wp-json\/wp\/v2\/comments?post=3452"}],"version-history":[{"count":2,"href":"https:\/\/leggiteam.com\/en\/wp-json\/wp\/v2\/posts\/3452\/revisions"}],"predecessor-version":[{"id":3888,"href":"https:\/\/leggiteam.com\/en\/wp-json\/wp\/v2\/posts\/3452\/revisions\/3888"}],"wp:featuredmedia":[{"embeddable":true,"href":"https:\/\/leggiteam.com\/en\/wp-json\/wp\/v2\/media\/3374"}],"wp:attachment":[{"href":"https:\/\/leggiteam.com\/en\/wp-json\/wp\/v2\/media?parent=3452"}],"wp:term":[{"taxonomy":"category","embeddable":true,"href":"https:\/\/leggiteam.com\/en\/wp-json\/wp\/v2\/categories?post=3452"},{"taxonomy":"post_tag","embeddable":true,"href":"https:\/\/leggiteam.com\/en\/wp-json\/wp\/v2\/tags?post=3452"}],"curies":[{"name":"wp","href":"https:\/\/api.w.org\/{rel}","templated":true}]}}